
{"id":1153,"global_id":"vincentbernhardt.org\/en?id=1153","global_id_lineage":["vincentbernhardt.org\/en?id=1153"],"author":"2","status":"publish","date":"2020-09-16 22:12:55","date_utc":"2020-09-16 20:12:55","modified":"2020-09-16 22:12:55","modified_utc":"2020-09-16 20:12:55","url":"https:\/\/vincentbernhardt.org\/en\/event\/lecons-de-tenebres-2\/","rest_url":"https:\/\/vincentbernhardt.org\/en\/wp-json\/tribe\/events\/v1\/events\/1153","title":"Le\u00e7ons de t\u00e9n\u00e8bres","description":"<p>Le chef-d\u2019\u0153uvre de Fran\u00e7ois Couperin.<br \/>Annul\u00e9 en raison de la crise sanitaire.<\/p>","excerpt":"","slug":"lecons-de-tenebres-2","image":false,"all_day":false,"start_date":"2020-04-08 20:00:00","start_date_details":{"year":"2020","month":"04","day":"08","hour":"20","minutes":"00","seconds":"00"},"end_date":"2020-04-08 20:00:00","end_date_details":{"year":"2020","month":"04","day":"08","hour":"20","minutes":"00","seconds":"00"},"utc_start_date":"2020-04-08 18:00:00","utc_start_date_details":{"year":"2020","month":"04","day":"08","hour":"18","minutes":"00","seconds":"00"},"utc_end_date":"2020-04-08 18:00:00","utc_end_date_details":{"year":"2020","month":"04","day":"08","hour":"18","minutes":"00","seconds":"00"},"timezone":"Europe\/Paris","timezone_abbr":"CEST","cost":"","cost_details":{"currency_symbol":"","currency_code":"","currency_position":"prefix","values":[]},"website":"","show_map":false,"show_map_link":false,"hide_from_listings":false,"sticky":false,"featured":false,"categories":[{"name":"saison 2019-2020","slug":"saison-2019-2020","term_group":0,"term_taxonomy_id":10,"taxonomy":"tribe_events_cat","description":"","parent":0,"count":33,"filter":"raw","id":10,"urls":{"self":"https:\/\/vincentbernhardt.org\/en\/wp-json\/tribe\/events\/v1\/categories\/10","collection":"https:\/\/vincentbernhardt.org\/en\/wp-json\/tribe\/events\/v1\/categories"}}],"tags":[],"venue":{"id":85,"author":"2","status":"publish","date":"2017-07-28 16:27:10","date_utc":"2017-07-28 14:27:10","modified":"2026-03-25 07:39:01","modified_utc":"2026-03-25 06:39:01","url":"https:\/\/vincentbernhardt.org\/en\/venue\/cathedrale-de-metz\/","venue":"Cath\u00e9drale de Metz","slug":"cathedrale-de-metz","address":"Pl. d'Armes","city":"Metz","country":"France","zip":"57000","json_ld":{"@type":"Place","name":"Cath\u00e9drale de Metz","description":"","url":"","address":{"@type":"PostalAddress","streetAddress":"Pl. d&#039;Armes","addressLocality":"Metz","postalCode":"57000","addressCountry":"France"},"telephone":"","sameAs":""},"show_map":true,"show_map_link":true,"global_id":"vincentbernhardt.org\/en?id=85","global_id_lineage":["vincentbernhardt.org\/en?id=85"]},"organizer":[],"custom_fields":[],"json_ld":{"@context":"http:\/\/schema.org","@type":"Event","name":"Le\u00e7ons de t\u00e9n\u00e8bres","description":"&lt;p&gt;Le chef-d\u2019\u0153uvre de Fran\u00e7ois Couperin.Annul\u00e9 en raison de la crise sanitaire.&lt;\/p&gt;\\n","url":"https:\/\/vincentbernhardt.org\/en\/event\/lecons-de-tenebres-2\/","eventAttendanceMode":"https:\/\/schema.org\/OfflineEventAttendanceMode","eventStatus":"https:\/\/schema.org\/EventScheduled","startDate":"2020-04-08T20:00:00+02:00","endDate":"2020-04-08T20:00:00+02:00","location":{"@type":"Place","name":"Cath\u00e9drale de Metz","description":"","url":"","address":{"@type":"PostalAddress","streetAddress":"Pl. d&#039;Armes","addressLocality":"Metz","postalCode":"57000","addressCountry":"France"},"telephone":"","sameAs":""},"performer":"Organization"}}