
{"id":416,"global_id":"vincentbernhardt.org\/en?id=416","global_id_lineage":["vincentbernhardt.org\/en?id=416"],"author":"2","status":"publish","date":"2018-04-17 13:41:10","date_utc":"2018-04-17 11:41:10","modified":"2018-04-17 13:41:10","modified_utc":"2018-04-17 11:41:10","url":"https:\/\/vincentbernhardt.org\/en\/event\/concert-conference-sur-atys-de-lully\/","rest_url":"https:\/\/vincentbernhardt.org\/en\/wp-json\/tribe\/events\/v1\/events\/416","title":"Concert-conf\u00e9rence sur Atys de Lully","description":"<p>avec Anne Verdier- conf\u00e9renci\u00e8re- et Les discours enchant\u00e9s<\/p>","excerpt":"","slug":"concert-conference-sur-atys-de-lully","image":false,"all_day":false,"start_date":"2018-04-19 20:00:00","start_date_details":{"year":"2018","month":"04","day":"19","hour":"20","minutes":"00","seconds":"00"},"end_date":"2018-04-19 20:00:00","end_date_details":{"year":"2018","month":"04","day":"19","hour":"20","minutes":"00","seconds":"00"},"utc_start_date":"2018-04-19 18:00:00","utc_start_date_details":{"year":"2018","month":"04","day":"19","hour":"18","minutes":"00","seconds":"00"},"utc_end_date":"2018-04-19 18:00:00","utc_end_date_details":{"year":"2018","month":"04","day":"19","hour":"18","minutes":"00","seconds":"00"},"timezone":"Europe\/Paris","timezone_abbr":"CEST","cost":"","cost_details":{"currency_symbol":"","currency_code":"","currency_position":"prefix","values":[]},"website":"","show_map":false,"show_map_link":false,"hide_from_listings":false,"sticky":false,"featured":false,"categories":[{"name":"saison 2017-2018","slug":"saison-2017-2018","term_group":0,"term_taxonomy_id":8,"taxonomy":"tribe_events_cat","description":"","parent":0,"count":52,"filter":"raw","id":8,"urls":{"self":"https:\/\/vincentbernhardt.org\/en\/wp-json\/tribe\/events\/v1\/categories\/8","collection":"https:\/\/vincentbernhardt.org\/en\/wp-json\/tribe\/events\/v1\/categories"}}],"tags":[],"venue":{"id":384,"author":"2","status":"publish","date":"2018-04-16 19:03:42","date_utc":"2018-04-16 17:03:42","modified":"2018-04-16 19:03:42","modified_utc":"2018-04-16 17:03:42","url":"https:\/\/vincentbernhardt.org\/en\/venue\/ensemble-scolaire-jean-xxiii\/","venue":"Ensemble scolaire Jean XXIII","slug":"ensemble-scolaire-jean-xxiii","city":"Montigny-l\u00e8s-Metz","country":"France","zip":"57","json_ld":{"@type":"Place","name":"Ensemble scolaire Jean XXIII","description":"","url":"","address":{"@type":"PostalAddress","addressLocality":"Montigny-l\u00e8s-Metz","postalCode":"57","addressCountry":"France"},"telephone":"","sameAs":""},"show_map":false,"show_map_link":false,"global_id":"vincentbernhardt.org\/en?id=384","global_id_lineage":["vincentbernhardt.org\/en?id=384"]},"organizer":[],"custom_fields":[],"json_ld":{"@context":"http:\/\/schema.org","@type":"Event","name":"Concert-conf\u00e9rence sur Atys de Lully","description":"&lt;p&gt;avec Anne Verdier- conf\u00e9renci\u00e8re- et Les discours enchant\u00e9s&lt;\/p&gt;\\n","url":"https:\/\/vincentbernhardt.org\/en\/event\/concert-conference-sur-atys-de-lully\/","eventAttendanceMode":"https:\/\/schema.org\/OfflineEventAttendanceMode","eventStatus":"https:\/\/schema.org\/EventScheduled","startDate":"2018-04-19T20:00:00+02:00","endDate":"2018-04-19T20:00:00+02:00","location":{"@type":"Place","name":"Ensemble scolaire Jean XXIII","description":"","url":"","address":{"@type":"PostalAddress","addressLocality":"Montigny-l\u00e8s-Metz","postalCode":"57","addressCountry":"France"},"telephone":"","sameAs":""},"performer":"Organization"}}